{"id":1514,"date":"2021-01-26T14:26:24","date_gmt":"2021-01-26T14:26:24","guid":{"rendered":"https:\/\/www.treatwell.lt/partneriai\/?post_type=blog&#038;p=1514"},"modified":"2021-01-26T14:26:24","modified_gmt":"2021-01-26T14:26:24","slug":"ko-ismokome-kai-po-pirmojo-karantino-vel-eme-veikti-kirpyklos","status":"publish","type":"blog","link":"https:\/\/www.treatwell.lt/partneriai\/saltiniai\/tinklarastis\/ko-ismokome-kai-po-pirmojo-karantino-vel-eme-veikti-kirpyklos\/","title":{"rendered":"Ko i\u0161mokome, kai po pirmojo karantino v\u0117l \u0117m\u0117 veikti kirpyklos"},"content":{"rendered":"\n<p>Po to, kai atrod\u0117 pra\u0117jo am\u017einyb\u0117, kirp\u0117jai ir barberiai v\u0117l oficialiai gal\u0117jo atsidaryti po pirmojo karantino gegu\u017e\u0119, \u017emon\u0117s negal\u0117jo tuo atsid\u017eiaugti. <\/p>\n\n\n\n<p>Pirmos kelios savait\u0117s po gr\u012f\u017eimo \u012f versl\u0105 buvo &#8220;<em>kosmin\u0117s<\/em>&#8220;, o u\u017esakym\u0173 skai\u010diai mu\u0161\u0117 visus \u012fmanomus rekordus. Vienas dalykas buvo ai\u0161kus &#8211; nuo &#8220;<em>DIY<\/em>&#8221; nelaimi\u0173 taisym\u0173 iki bendravimo su senais draugais &#8211; kirp\u0117jai, j\u016bs buvote i\u0161siilgti. <\/p>\n\n\n\n<p>Dabar, kai ne\u012fprasti dalykai tapo normali kasdienyb\u0117, mes ap\u017evelgiame kelet\u0105 svarbi\u0173 dalyk\u0173, kuriuos su\u017einojome, kai po pirmojo karantino v\u0117l prad\u0117jo veikti kirpimo salonai.<\/p>\n\n\n\n<h2 class=\"wp-block-heading\"><strong>U\u017esakym\u0173 skai\u010dius buvo (labai) didelis<\/strong><\/h2>\n\n\n\n<figure class=\"wp-block-image size-large\"><img decoding=\"async\" width=\"900\" height=\"600\" src=\"https:\/\/www.treatwell.lt/partneriai\/wp-content\/uploads\/sites\/8\/2020\/06\/FIXSKIN_NLD_385422_8_1-1.jpg\" alt=\"\" class=\"wp-image-1123\" srcset=\"https:\/\/www.treatwell.lt/partneriai\/wp-content\/uploads\/sites\/8\/2020\/06\/FIXSKIN_NLD_385422_8_1-1.jpg 900w, https:\/\/www.treatwell.lt/partneriai\/wp-content\/uploads\/sites\/8\/2020\/06\/FIXSKIN_NLD_385422_8_1-1-300x200.jpg 300w, https:\/\/www.treatwell.lt/partneriai\/wp-content\/uploads\/sites\/8\/2020\/06\/FIXSKIN_NLD_385422_8_1-1-768x512.jpg 768w, https:\/\/www.treatwell.lt/partneriai\/wp-content\/uploads\/sites\/8\/2020\/06\/FIXSKIN_NLD_385422_8_1-1-720x480.jpg 720w\" sizes=\"(max-width: 900px) 100vw, 900px\" \/><\/figure>\n\n\n\n<p>Klientai tikrai buvo pasireng\u0119 gr\u012f\u017eti atgal \u012f stilisto k\u0117d\u0119.<\/p>\n\n\n\n<p>Pasteb\u0117jome, kad labai padid\u0117jo paklausa pirm\u0105j\u0105 savait\u0119 po karantino &#8211; tiksliau kalbant, vis\u0173 paslaug\u0173 paklausa padidejo apie 300%.<\/p>\n\n\n\n<p>I\u0161 vis\u0173 savait\u0117s laisv\u0173 laik\u0173, stulbinantys 80<strong>%<\/strong> buvo rezervuoti. \u017dmon\u0117s labai pasiilgo gro\u017eio salon\u0173.<\/p>\n\n\n\n<h2 class=\"wp-block-heading\"><strong>Vyr\u0173 kirpimas populiariausias<\/strong><\/h2>\n\n\n\n<figure class=\"wp-block-image size-large\"><img decoding=\"async\" width=\"900\" height=\"600\" src=\"https:\/\/www.treatwell.lt/partneriai\/wp-content\/uploads\/sites\/8\/2020\/06\/Blue_Steel_NLD_386082_7_1-1.jpg\" alt=\"\" class=\"wp-image-1129\" srcset=\"https:\/\/www.treatwell.lt/partneriai\/wp-content\/uploads\/sites\/8\/2020\/06\/Blue_Steel_NLD_386082_7_1-1.jpg 900w, https:\/\/www.treatwell.lt/partneriai\/wp-content\/uploads\/sites\/8\/2020\/06\/Blue_Steel_NLD_386082_7_1-1-300x200.jpg 300w, https:\/\/www.treatwell.lt/partneriai\/wp-content\/uploads\/sites\/8\/2020\/06\/Blue_Steel_NLD_386082_7_1-1-768x512.jpg 768w, https:\/\/www.treatwell.lt/partneriai\/wp-content\/uploads\/sites\/8\/2020\/06\/Blue_Steel_NLD_386082_7_1-1-720x480.jpg 720w\" sizes=\"(max-width: 900px) 100vw, 900px\" \/><\/figure>\n\n\n\n<p>Did\u017eiausias u\u017esakym\u0173 \u0161uolis, palyginus su prie\u0161karantininiu laikotarpiu, buvo vyr\u0173 kirpime.<\/p>\n\n\n\n<p>U\u017esakymai i\u0161augo net 10 kart\u0173 (negailestingai aplenkiant moteris) ir tapo populiariausia Treatwell paslauga.<\/p>\n\n\n\n<p>Tik\u0117tina, kad tai susij\u0119 su padid\u0117jusiu saugumu ir sraut\u0173 reguliavimu, k\u0105 suteikia i\u0161ankstiniai u\u017esakymai, u\u017euot tradici\u0161kai u\u017eeinant \u012f salon\u0105 be registracijos &#8211; kas Vyriausyb\u0117s n\u0117ra rekomenduojama.<\/p>\n\n\n\n<h2 class=\"wp-block-heading\"><strong>Greitai augan\u010dios \u0161aknys<\/strong><\/h2>\n\n\n\n<figure class=\"wp-block-image size-large\"><img decoding=\"async\" width=\"900\" height=\"600\" src=\"https:\/\/www.treatwell.lt/partneriai\/wp-content\/uploads\/sites\/8\/2020\/07\/2019-10-15_Treatwell_Reemotion-Hair_Austria-Photo-2960.jpg\" alt=\"\" class=\"wp-image-1193\" srcset=\"https:\/\/www.treatwell.lt/partneriai\/wp-content\/uploads\/sites\/8\/2020\/07\/2019-10-15_Treatwell_Reemotion-Hair_Austria-Photo-2960.jpg 900w, https:\/\/www.treatwell.lt/partneriai\/wp-content\/uploads\/sites\/8\/2020\/07\/2019-10-15_Treatwell_Reemotion-Hair_Austria-Photo-2960-300x200.jpg 300w, https:\/\/www.treatwell.lt/partneriai\/wp-content\/uploads\/sites\/8\/2020\/07\/2019-10-15_Treatwell_Reemotion-Hair_Austria-Photo-2960-768x512.jpg 768w, https:\/\/www.treatwell.lt/partneriai\/wp-content\/uploads\/sites\/8\/2020\/07\/2019-10-15_Treatwell_Reemotion-Hair_Austria-Photo-2960-720x480.jpg 720w\" sizes=\"(max-width: 900px) 100vw, 900px\" \/><\/figure>\n\n\n\n<p>Tai netur\u0117t\u0173 stebinti. Per tiek m\u0117nesi\u0173 plaukai tiesiog reikalavo bet kokio specialist\u0173 prisilietimo, tod\u0117l moter\u0173 ir vyr\u0173 plauk\u0173 da\u017eymo paslaug\u0173 paklausa (viskas, pradedant nuo \u012fprasto \u0161akn\u0173 da\u017eymo, iki naujausi\u0173 tendencij\u0173) i\u0161augo dvigubai palyginus su savaite prie\u0161 u\u017esidarym\u0105.<\/p>\n\n\n\n<p>B\u016bkite pasireng\u0119 pataisyti kai kurias &#8220;<em>nam\u0173 gro\u017eio salono<\/em>&#8221; klaidas.<\/p>\n\n\n\n<h2 class=\"wp-block-heading\">Beveik neb\u0117ra <strong>piko laik\u0173 <\/strong><\/h2>\n\n\n\n<figure class=\"wp-block-image size-large\"><img decoding=\"async\" width=\"900\" height=\"600\" src=\"https:\/\/www.treatwell.lt/partneriai\/wp-content\/uploads\/sites\/8\/2020\/07\/Coiffures_Reyhan_383114_NLD_6_1.jpg\" alt=\"\" class=\"wp-image-1194\" srcset=\"https:\/\/www.treatwell.lt/partneriai\/wp-content\/uploads\/sites\/8\/2020\/07\/Coiffures_Reyhan_383114_NLD_6_1.jpg 900w, https:\/\/www.treatwell.lt/partneriai\/wp-content\/uploads\/sites\/8\/2020\/07\/Coiffures_Reyhan_383114_NLD_6_1-300x200.jpg 300w, https:\/\/www.treatwell.lt/partneriai\/wp-content\/uploads\/sites\/8\/2020\/07\/Coiffures_Reyhan_383114_NLD_6_1-768x512.jpg 768w, https:\/\/www.treatwell.lt/partneriai\/wp-content\/uploads\/sites\/8\/2020\/07\/Coiffures_Reyhan_383114_NLD_6_1-720x480.jpg 720w\" sizes=\"(max-width: 900px) 100vw, 900px\" \/><\/figure>\n\n\n\n<p>I\u0161augus plauk\u0173 prie\u017ei\u016bros paslaug\u0173 paklausai, pasikeit\u0117 ir &#8220;kada&#8221; klientai u\u017esira\u0161o.<\/p>\n\n\n\n<p>Nesvarbu, ar tai \u017emon\u0117s, dirbantys lanks\u010diu grafiku namuose, vis dar prastovose, ar u\u017euot pietav\u0119, teikiantys pirmenyb\u0119 savo plauk\u0173 prie\u017ei\u016brai, ta\u010diau vietoj \u012fprasto piko piet\u0173 metu, mes pamat\u0117me, jog u\u017era\u0161ymai pasiskirsto tolygiai vis\u0105 dien\u0105, ypa\u010d rytais apie 10 val. Rami\u0173 pirmadieni\u0173 era jau pasibaig\u0117.<\/p>\n\n\n\n<p>K\u0105 tai rei\u0161kia tau? Jei per dien\u0105 u\u017esakymai pasiskirsto tolygiai, gali b\u016bti gera mintis apsvarstyti galimyb\u0119 prat\u0119sti darbo laik\u0105, kad gautum\u0117te kuo daugiau u\u017esakym\u0173. Apetitas tam tikrai yra.<\/p>\n\n\n\n<p>(M\u016bs\u0173 duomenimis vienas d\u017eentelmenas u\u017esisak\u0117 plauk\u0173 kirpim\u0105 ir barzdos modeliavim\u0105 net 5 ryte. \u0160tai koks ry\u017etas).<\/p>\n","protected":false},"excerpt":{"rendered":"<p>Po to, kai atrod\u0117 pra\u0117jo am\u017einyb\u0117, kirp\u0117jai ir barberiai v\u0117l oficialiai gal\u0117jo atsidaryti po pirmojo karantino gegu\u017e\u0119, \u017emon\u0117s negal\u0117jo tuo atsid\u017eiaugti. Pirmos kelios savait\u0117s po gr\u012f\u017eimo \u012f versl\u0105 buvo &#8220;kosmin\u0117s&#8220;, o u\u017esakym\u0173 skai\u010diai mu\u0161\u0117 visus \u012fmanomus rekordus. Vienas dalykas buvo ai\u0161kus &#8211; nuo &#8220;DIY&#8221; nelaimi\u0173 taisym\u0173 iki bendravimo su senais draugais &#8211; kirp\u0117jai, j\u016bs buvote [&hellip;]<\/p>\n","protected":false},"author":80,"featured_media":1192,"template":"","meta":{"_acf_changed":false,"_yoast_wpseo_title":"","_yoast_wpseo_metadesc":"Pakitus normaliai kasdienybei, mes ap\u017evelgiame kelet\u0105 svarbi\u0173 dalyk\u0173, kuriuos su\u017einojome, kai po pirmojo karantino v\u0117l prad\u0117jo veikti kirpimo salonai.","_editorskit_title_hidden":false,"_editorskit_reading_time":0,"_editorskit_is_block_options_detached":false,"_editorskit_block_options_position":"{}","saswp_custom_schema_field":""},"categories":[11],"tags":[],"target-audience":[16,23,19,18],"class_list":["post-1514","blog","type-blog","status-publish","has-post-thumbnail","hentry","category-featured","target-audience-barbershop","target-audience-hair-salon","target-audience-salon-owners","target-audience-stylists"],"acf":[],"yoast_head":"<!-- This site is optimized with the Yoast SEO plugin v27.4 - https:\/\/yoast.com\/product\/yoast-seo-wordpress\/ -->\n<title>Ko i\u0161mokome, kai po pirmojo karantino v\u0117l \u0117m\u0117 veikti kirpyklos - Treatwell Business<\/title>\n<meta name=\"description\" content=\"Pakitus normaliai kasdienybei, mes ap\u017evelgiame kelet\u0105 svarbi\u0173 dalyk\u0173, kuriuos su\u017einojome, kai po pirmojo karantino v\u0117l prad\u0117jo veikti kirpimo salonai.\" \/>\n<meta name=\"robots\" content=\"index, follow, max-snippet:-1, max-image-preview:large, max-video-preview:-1\" \/>\n<link rel=\"canonical\" href=\"https:\/\/www.treatwell.lt/partneriai\/\u0161altiniai\/tinklara\u0161tis\/ko-ismokome-kai-po-pirmojo-karantino-vel-eme-veikti-kirpyklos\/\" \/>\n<meta property=\"og:locale\" content=\"lt_LT\" \/>\n<meta property=\"og:type\" content=\"article\" \/>\n<meta property=\"og:title\" content=\"Ko i\u0161mokome, kai po pirmojo karantino v\u0117l \u0117m\u0117 veikti kirpyklos - Treatwell Business\" \/>\n<meta property=\"og:description\" content=\"Pakitus normaliai kasdienybei, mes ap\u017evelgiame kelet\u0105 svarbi\u0173 dalyk\u0173, kuriuos su\u017einojome, kai po pirmojo karantino v\u0117l prad\u0117jo veikti kirpimo salonai.\" \/>\n<meta property=\"og:url\" content=\"https:\/\/www.treatwell.lt/partneriai\/\u0161altiniai\/tinklara\u0161tis\/ko-ismokome-kai-po-pirmojo-karantino-vel-eme-veikti-kirpyklos\/\" \/>\n<meta property=\"og:site_name\" content=\"Treatwell Business\" \/>\n<meta property=\"og:image\" content=\"https:\/\/www.treatwell.lt/partneriai\/wp-content\/uploads\/sites\/8\/2020\/07\/368557_NL_Meer_Kappers_08-1-1.jpg\" \/>\n\t<meta property=\"og:image:width\" content=\"1200\" \/>\n\t<meta property=\"og:image:height\" content=\"800\" \/>\n\t<meta property=\"og:image:type\" content=\"image\/jpeg\" \/>\n<meta name=\"twitter:card\" content=\"summary_large_image\" \/>\n<meta name=\"twitter:label1\" content=\"Est. reading time\" \/>\n\t<meta name=\"twitter:data1\" content=\"2 minut\u0117s\" \/>\n<script type=\"application\/ld+json\" class=\"yoast-schema-graph\">{\"@context\":\"https:\\\/\\\/schema.org\",\"@graph\":[{\"@type\":\"Article\",\"@id\":\"https:\\\/\\\/www.treatwell.lt/partneriai\\\/\u0161altiniai\\\/tinklara\u0161tis\\\/ko-ismokome-kai-po-pirmojo-karantino-vel-eme-veikti-kirpyklos\\\/#article\",\"isPartOf\":{\"@id\":\"https:\\\/\\\/www.treatwell.lt/partneriai\\\/\u0161altiniai\\\/tinklara\u0161tis\\\/ko-ismokome-kai-po-pirmojo-karantino-vel-eme-veikti-kirpyklos\\\/\"},\"author\":{\"name\":\"Gabriel\u0117 Isodait\u0117\",\"@id\":\"https:\\\/\\\/www.treatwell.lt/partneriai\\\/#\\\/schema\\\/person\\\/e6c9e09fe61c92cea14b7da22ce9dff3\"},\"headline\":\"Ko i\u0161mokome, kai po pirmojo karantino v\u0117l \u0117m\u0117 veikti kirpyklos\",\"datePublished\":\"2021-01-26T14:26:24+00:00\",\"mainEntityOfPage\":{\"@id\":\"https:\\\/\\\/www.treatwell.lt/partneriai\\\/\u0161altiniai\\\/tinklara\u0161tis\\\/ko-ismokome-kai-po-pirmojo-karantino-vel-eme-veikti-kirpyklos\\\/\"},\"wordCount\":412,\"publisher\":{\"@id\":\"https:\\\/\\\/www.treatwell.lt/partneriai\\\/#organization\"},\"image\":{\"@id\":\"https:\\\/\\\/www.treatwell.lt/partneriai\\\/\u0161altiniai\\\/tinklara\u0161tis\\\/ko-ismokome-kai-po-pirmojo-karantino-vel-eme-veikti-kirpyklos\\\/#primaryimage\"},\"thumbnailUrl\":\"https:\\\/\\\/www.treatwell.lt/partneriai\\\/wp-content\\\/uploads\\\/sites\\\/8\\\/2020\\\/07\\\/368557_NL_Meer_Kappers_08-1-1.jpg\",\"articleSection\":[\"Featured\"],\"inLanguage\":\"lt-LT\"},{\"@type\":\"WebPage\",\"@id\":\"https:\\\/\\\/www.treatwell.lt/partneriai\\\/\u0161altiniai\\\/tinklara\u0161tis\\\/ko-ismokome-kai-po-pirmojo-karantino-vel-eme-veikti-kirpyklos\\\/\",\"url\":\"https:\\\/\\\/www.treatwell.lt/partneriai\\\/\u0161altiniai\\\/tinklara\u0161tis\\\/ko-ismokome-kai-po-pirmojo-karantino-vel-eme-veikti-kirpyklos\\\/\",\"name\":\"Ko i\u0161mokome, kai po pirmojo karantino v\u0117l \u0117m\u0117 veikti kirpyklos - Treatwell Business\",\"isPartOf\":{\"@id\":\"https:\\\/\\\/www.treatwell.lt/partneriai\\\/#website\"},\"primaryImageOfPage\":{\"@id\":\"https:\\\/\\\/www.treatwell.lt/partneriai\\\/\u0161altiniai\\\/tinklara\u0161tis\\\/ko-ismokome-kai-po-pirmojo-karantino-vel-eme-veikti-kirpyklos\\\/#primaryimage\"},\"image\":{\"@id\":\"https:\\\/\\\/www.treatwell.lt/partneriai\\\/\u0161altiniai\\\/tinklara\u0161tis\\\/ko-ismokome-kai-po-pirmojo-karantino-vel-eme-veikti-kirpyklos\\\/#primaryimage\"},\"thumbnailUrl\":\"https:\\\/\\\/www.treatwell.lt/partneriai\\\/wp-content\\\/uploads\\\/sites\\\/8\\\/2020\\\/07\\\/368557_NL_Meer_Kappers_08-1-1.jpg\",\"datePublished\":\"2021-01-26T14:26:24+00:00\",\"description\":\"Pakitus normaliai kasdienybei, mes ap\u017evelgiame kelet\u0105 svarbi\u0173 dalyk\u0173, kuriuos su\u017einojome, kai po pirmojo karantino v\u0117l prad\u0117jo veikti kirpimo salonai.\",\"breadcrumb\":{\"@id\":\"https:\\\/\\\/www.treatwell.lt/partneriai\\\/\u0161altiniai\\\/tinklara\u0161tis\\\/ko-ismokome-kai-po-pirmojo-karantino-vel-eme-veikti-kirpyklos\\\/#breadcrumb\"},\"inLanguage\":\"lt-LT\",\"potentialAction\":[{\"@type\":\"ReadAction\",\"target\":[\"https:\\\/\\\/www.treatwell.lt/partneriai\\\/\u0161altiniai\\\/tinklara\u0161tis\\\/ko-ismokome-kai-po-pirmojo-karantino-vel-eme-veikti-kirpyklos\\\/\"]}]},{\"@type\":\"ImageObject\",\"inLanguage\":\"lt-LT\",\"@id\":\"https:\\\/\\\/www.treatwell.lt/partneriai\\\/\u0161altiniai\\\/tinklara\u0161tis\\\/ko-ismokome-kai-po-pirmojo-karantino-vel-eme-veikti-kirpyklos\\\/#primaryimage\",\"url\":\"https:\\\/\\\/www.treatwell.lt/partneriai\\\/wp-content\\\/uploads\\\/sites\\\/8\\\/2020\\\/07\\\/368557_NL_Meer_Kappers_08-1-1.jpg\",\"contentUrl\":\"https:\\\/\\\/www.treatwell.lt/partneriai\\\/wp-content\\\/uploads\\\/sites\\\/8\\\/2020\\\/07\\\/368557_NL_Meer_Kappers_08-1-1.jpg\",\"width\":1200,\"height\":800},{\"@type\":\"BreadcrumbList\",\"@id\":\"https:\\\/\\\/www.treatwell.lt/partneriai\\\/\u0161altiniai\\\/tinklara\u0161tis\\\/ko-ismokome-kai-po-pirmojo-karantino-vel-eme-veikti-kirpyklos\\\/#breadcrumb\",\"itemListElement\":[{\"@type\":\"ListItem\",\"position\":1,\"name\":\"Home\",\"item\":\"https:\\\/\\\/www.treatwell.lt/partneriai\\\/\"},{\"@type\":\"ListItem\",\"position\":2,\"name\":\"Tinklara\u0161tis\",\"item\":\"https:\\\/\\\/www.treatwell.lt/partneriai\\\/\u0161altiniai\\\/tinklara\u0161tis\\\/\"},{\"@type\":\"ListItem\",\"position\":3,\"name\":\"Featured\",\"item\":\"https:\\\/\\\/www.treatwell.lt/partneriai\\\/category\\\/featured\\\/\"},{\"@type\":\"ListItem\",\"position\":4,\"name\":\"Ko i\u0161mokome, kai po pirmojo karantino v\u0117l \u0117m\u0117 veikti kirpyklos\"}]},{\"@type\":\"WebSite\",\"@id\":\"https:\\\/\\\/www.treatwell.lt/partneriai\\\/#website\",\"url\":\"https:\\\/\\\/www.treatwell.lt/partneriai\\\/\",\"name\":\"Treatwell Business\",\"description\":\"\",\"publisher\":{\"@id\":\"https:\\\/\\\/www.treatwell.lt/partneriai\\\/#organization\"},\"potentialAction\":[{\"@type\":\"SearchAction\",\"target\":{\"@type\":\"EntryPoint\",\"urlTemplate\":\"https:\\\/\\\/www.treatwell.lt/partneriai\\\/?s={search_term_string}\"},\"query-input\":{\"@type\":\"PropertyValueSpecification\",\"valueRequired\":true,\"valueName\":\"search_term_string\"}}],\"inLanguage\":\"lt-LT\"},{\"@type\":\"Organization\",\"@id\":\"https:\\\/\\\/www.treatwell.lt/partneriai\\\/#organization\",\"name\":\"Treatwell\",\"url\":\"https:\\\/\\\/www.treatwell.lt/partneriai\\\/\",\"logo\":{\"@type\":\"ImageObject\",\"inLanguage\":\"lt-LT\",\"@id\":\"https:\\\/\\\/www.treatwell.lt/partneriai\\\/#\\\/schema\\\/logo\\\/image\\\/\",\"url\":\"https:\\\/\\\/www.treatwell.lt/partneriai\\\/wp-content\\\/uploads\\\/sites\\\/8\\\/2020\\\/04\\\/treatwell-logotype-navy-rgb@2x.png\",\"contentUrl\":\"https:\\\/\\\/www.treatwell.lt/partneriai\\\/wp-content\\\/uploads\\\/sites\\\/8\\\/2020\\\/04\\\/treatwell-logotype-navy-rgb@2x.png\",\"width\":302,\"height\":56,\"caption\":\"Treatwell\"},\"image\":{\"@id\":\"https:\\\/\\\/www.treatwell.lt/partneriai\\\/#\\\/schema\\\/logo\\\/image\\\/\"}},{\"@type\":\"Person\",\"@id\":\"https:\\\/\\\/www.treatwell.lt/partneriai\\\/#\\\/schema\\\/person\\\/e6c9e09fe61c92cea14b7da22ce9dff3\",\"name\":\"Gabriel\u0117 Isodait\u0117\",\"image\":{\"@type\":\"ImageObject\",\"inLanguage\":\"lt-LT\",\"@id\":\"https:\\\/\\\/secure.gravatar.com\\\/avatar\\\/04e260a9a667e0c3fe2f49a5362de23ff057344c1295397dd4102c76c72c6e55?s=96&d=mm&r=g\",\"url\":\"https:\\\/\\\/secure.gravatar.com\\\/avatar\\\/04e260a9a667e0c3fe2f49a5362de23ff057344c1295397dd4102c76c72c6e55?s=96&d=mm&r=g\",\"contentUrl\":\"https:\\\/\\\/secure.gravatar.com\\\/avatar\\\/04e260a9a667e0c3fe2f49a5362de23ff057344c1295397dd4102c76c72c6e55?s=96&d=mm&r=g\",\"caption\":\"Gabriel\u0117 Isodait\u0117\"},\"url\":\"https:\\\/\\\/www.treatwell.lt/partneriai\\\/author\\\/gabriele-isodaitetreatwell-com\\\/\"}]}<\/script>\n<!-- \/ Yoast SEO plugin. -->","yoast_head_json":{"title":"Ko i\u0161mokome, kai po pirmojo karantino v\u0117l \u0117m\u0117 veikti kirpyklos - Treatwell Business","description":"Pakitus normaliai kasdienybei, mes ap\u017evelgiame kelet\u0105 svarbi\u0173 dalyk\u0173, kuriuos su\u017einojome, kai po pirmojo karantino v\u0117l prad\u0117jo veikti kirpimo salonai.","robots":{"index":"index","follow":"follow","max-snippet":"max-snippet:-1","max-image-preview":"max-image-preview:large","max-video-preview":"max-video-preview:-1"},"canonical":"https:\/\/www.treatwell.lt/partneriai\/\u0161altiniai\/tinklara\u0161tis\/ko-ismokome-kai-po-pirmojo-karantino-vel-eme-veikti-kirpyklos\/","og_locale":"lt_LT","og_type":"article","og_title":"Ko i\u0161mokome, kai po pirmojo karantino v\u0117l \u0117m\u0117 veikti kirpyklos - Treatwell Business","og_description":"Pakitus normaliai kasdienybei, mes ap\u017evelgiame kelet\u0105 svarbi\u0173 dalyk\u0173, kuriuos su\u017einojome, kai po pirmojo karantino v\u0117l prad\u0117jo veikti kirpimo salonai.","og_url":"https:\/\/www.treatwell.lt/partneriai\/\u0161altiniai\/tinklara\u0161tis\/ko-ismokome-kai-po-pirmojo-karantino-vel-eme-veikti-kirpyklos\/","og_site_name":"Treatwell Business","og_image":[{"width":1200,"height":800,"url":"https:\/\/www.treatwell.lt/partneriai\/wp-content\/uploads\/sites\/8\/2020\/07\/368557_NL_Meer_Kappers_08-1-1.jpg","type":"image\/jpeg"}],"twitter_card":"summary_large_image","twitter_misc":{"Est. reading time":"2 minut\u0117s"},"schema":{"@context":"https:\/\/schema.org","@graph":[{"@type":"Article","@id":"https:\/\/www.treatwell.lt/partneriai\/\u0161altiniai\/tinklara\u0161tis\/ko-ismokome-kai-po-pirmojo-karantino-vel-eme-veikti-kirpyklos\/#article","isPartOf":{"@id":"https:\/\/www.treatwell.lt/partneriai\/\u0161altiniai\/tinklara\u0161tis\/ko-ismokome-kai-po-pirmojo-karantino-vel-eme-veikti-kirpyklos\/"},"author":{"name":"Gabriel\u0117 Isodait\u0117","@id":"https:\/\/www.treatwell.lt/partneriai\/#\/schema\/person\/e6c9e09fe61c92cea14b7da22ce9dff3"},"headline":"Ko i\u0161mokome, kai po pirmojo karantino v\u0117l \u0117m\u0117 veikti kirpyklos","datePublished":"2021-01-26T14:26:24+00:00","mainEntityOfPage":{"@id":"https:\/\/www.treatwell.lt/partneriai\/\u0161altiniai\/tinklara\u0161tis\/ko-ismokome-kai-po-pirmojo-karantino-vel-eme-veikti-kirpyklos\/"},"wordCount":412,"publisher":{"@id":"https:\/\/www.treatwell.lt/partneriai\/#organization"},"image":{"@id":"https:\/\/www.treatwell.lt/partneriai\/\u0161altiniai\/tinklara\u0161tis\/ko-ismokome-kai-po-pirmojo-karantino-vel-eme-veikti-kirpyklos\/#primaryimage"},"thumbnailUrl":"https:\/\/www.treatwell.lt/partneriai\/wp-content\/uploads\/sites\/8\/2020\/07\/368557_NL_Meer_Kappers_08-1-1.jpg","articleSection":["Featured"],"inLanguage":"lt-LT"},{"@type":"WebPage","@id":"https:\/\/www.treatwell.lt/partneriai\/\u0161altiniai\/tinklara\u0161tis\/ko-ismokome-kai-po-pirmojo-karantino-vel-eme-veikti-kirpyklos\/","url":"https:\/\/www.treatwell.lt/partneriai\/\u0161altiniai\/tinklara\u0161tis\/ko-ismokome-kai-po-pirmojo-karantino-vel-eme-veikti-kirpyklos\/","name":"Ko i\u0161mokome, kai po pirmojo karantino v\u0117l \u0117m\u0117 veikti kirpyklos - Treatwell Business","isPartOf":{"@id":"https:\/\/www.treatwell.lt/partneriai\/#website"},"primaryImageOfPage":{"@id":"https:\/\/www.treatwell.lt/partneriai\/\u0161altiniai\/tinklara\u0161tis\/ko-ismokome-kai-po-pirmojo-karantino-vel-eme-veikti-kirpyklos\/#primaryimage"},"image":{"@id":"https:\/\/www.treatwell.lt/partneriai\/\u0161altiniai\/tinklara\u0161tis\/ko-ismokome-kai-po-pirmojo-karantino-vel-eme-veikti-kirpyklos\/#primaryimage"},"thumbnailUrl":"https:\/\/www.treatwell.lt/partneriai\/wp-content\/uploads\/sites\/8\/2020\/07\/368557_NL_Meer_Kappers_08-1-1.jpg","datePublished":"2021-01-26T14:26:24+00:00","description":"Pakitus normaliai kasdienybei, mes ap\u017evelgiame kelet\u0105 svarbi\u0173 dalyk\u0173, kuriuos su\u017einojome, kai po pirmojo karantino v\u0117l prad\u0117jo veikti kirpimo salonai.","breadcrumb":{"@id":"https:\/\/www.treatwell.lt/partneriai\/\u0161altiniai\/tinklara\u0161tis\/ko-ismokome-kai-po-pirmojo-karantino-vel-eme-veikti-kirpyklos\/#breadcrumb"},"inLanguage":"lt-LT","potentialAction":[{"@type":"ReadAction","target":["https:\/\/www.treatwell.lt/partneriai\/\u0161altiniai\/tinklara\u0161tis\/ko-ismokome-kai-po-pirmojo-karantino-vel-eme-veikti-kirpyklos\/"]}]},{"@type":"ImageObject","inLanguage":"lt-LT","@id":"https:\/\/www.treatwell.lt/partneriai\/\u0161altiniai\/tinklara\u0161tis\/ko-ismokome-kai-po-pirmojo-karantino-vel-eme-veikti-kirpyklos\/#primaryimage","url":"https:\/\/www.treatwell.lt/partneriai\/wp-content\/uploads\/sites\/8\/2020\/07\/368557_NL_Meer_Kappers_08-1-1.jpg","contentUrl":"https:\/\/www.treatwell.lt/partneriai\/wp-content\/uploads\/sites\/8\/2020\/07\/368557_NL_Meer_Kappers_08-1-1.jpg","width":1200,"height":800},{"@type":"BreadcrumbList","@id":"https:\/\/www.treatwell.lt/partneriai\/\u0161altiniai\/tinklara\u0161tis\/ko-ismokome-kai-po-pirmojo-karantino-vel-eme-veikti-kirpyklos\/#breadcrumb","itemListElement":[{"@type":"ListItem","position":1,"name":"Home","item":"https:\/\/www.treatwell.lt/partneriai\/"},{"@type":"ListItem","position":2,"name":"Tinklara\u0161tis","item":"https:\/\/www.treatwell.lt/partneriai\/\u0161altiniai\/tinklara\u0161tis\/"},{"@type":"ListItem","position":3,"name":"Featured","item":"https:\/\/www.treatwell.lt/partneriai\/category\/featured\/"},{"@type":"ListItem","position":4,"name":"Ko i\u0161mokome, kai po pirmojo karantino v\u0117l \u0117m\u0117 veikti kirpyklos"}]},{"@type":"WebSite","@id":"https:\/\/www.treatwell.lt/partneriai\/#website","url":"https:\/\/www.treatwell.lt/partneriai\/","name":"Treatwell Business","description":"","publisher":{"@id":"https:\/\/www.treatwell.lt/partneriai\/#organization"},"potentialAction":[{"@type":"SearchAction","target":{"@type":"EntryPoint","urlTemplate":"https:\/\/www.treatwell.lt/partneriai\/?s={search_term_string}"},"query-input":{"@type":"PropertyValueSpecification","valueRequired":true,"valueName":"search_term_string"}}],"inLanguage":"lt-LT"},{"@type":"Organization","@id":"https:\/\/www.treatwell.lt/partneriai\/#organization","name":"Treatwell","url":"https:\/\/www.treatwell.lt/partneriai\/","logo":{"@type":"ImageObject","inLanguage":"lt-LT","@id":"https:\/\/www.treatwell.lt/partneriai\/#\/schema\/logo\/image\/","url":"https:\/\/www.treatwell.lt/partneriai\/wp-content\/uploads\/sites\/8\/2020\/04\/treatwell-logotype-navy-rgb@2x.png","contentUrl":"https:\/\/www.treatwell.lt/partneriai\/wp-content\/uploads\/sites\/8\/2020\/04\/treatwell-logotype-navy-rgb@2x.png","width":302,"height":56,"caption":"Treatwell"},"image":{"@id":"https:\/\/www.treatwell.lt/partneriai\/#\/schema\/logo\/image\/"}},{"@type":"Person","@id":"https:\/\/www.treatwell.lt/partneriai\/#\/schema\/person\/e6c9e09fe61c92cea14b7da22ce9dff3","name":"Gabriel\u0117 Isodait\u0117","image":{"@type":"ImageObject","inLanguage":"lt-LT","@id":"https:\/\/secure.gravatar.com\/avatar\/04e260a9a667e0c3fe2f49a5362de23ff057344c1295397dd4102c76c72c6e55?s=96&d=mm&r=g","url":"https:\/\/secure.gravatar.com\/avatar\/04e260a9a667e0c3fe2f49a5362de23ff057344c1295397dd4102c76c72c6e55?s=96&d=mm&r=g","contentUrl":"https:\/\/secure.gravatar.com\/avatar\/04e260a9a667e0c3fe2f49a5362de23ff057344c1295397dd4102c76c72c6e55?s=96&d=mm&r=g","caption":"Gabriel\u0117 Isodait\u0117"},"url":"https:\/\/www.treatwell.lt/partneriai\/author\/gabriele-isodaitetreatwell-com\/"}]}},"_links":{"self":[{"href":"https:\/\/www.treatwell.lt\/partneriai\/wp-json\/wp\/v2\/blog\/1514","targetHints":{"allow":["GET"]}}],"collection":[{"href":"https:\/\/www.treatwell.lt\/partneriai\/wp-json\/wp\/v2\/blog"}],"about":[{"href":"https:\/\/www.treatwell.lt\/partneriai\/wp-json\/wp\/v2\/types\/blog"}],"author":[{"embeddable":true,"href":"https:\/\/www.treatwell.lt\/partneriai\/wp-json\/wp\/v2\/users\/80"}],"wp:featuredmedia":[{"embeddable":true,"href":"https:\/\/www.treatwell.lt\/partneriai\/wp-json\/wp\/v2\/media\/1192"}],"wp:attachment":[{"href":"https:\/\/www.treatwell.lt\/partneriai\/wp-json\/wp\/v2\/media?parent=1514"}],"wp:term":[{"taxonomy":"category","embeddable":true,"href":"https:\/\/www.treatwell.lt\/partneriai\/wp-json\/wp\/v2\/categories?post=1514"},{"taxonomy":"post_tag","embeddable":true,"href":"https:\/\/www.treatwell.lt\/partneriai\/wp-json\/wp\/v2\/tags?post=1514"},{"taxonomy":"target-audience","embeddable":true,"href":"https:\/\/www.treatwell.lt\/partneriai\/wp-json\/wp\/v2\/target-audience?post=1514"}],"curies":[{"name":"wp","href":"https:\/\/api.w.org\/{rel}","templated":true}]}}